{"id":25831,"date":"2024-09-04T11:41:39","date_gmt":"2024-09-04T09:41:39","guid":{"rendered":"https:\/\/theoriginsearthblog.com\/?p=25831"},"modified":"2025-01-31T16:21:18","modified_gmt":"2025-01-31T15:21:18","slug":"ta-valise-eco-responsable","status":"publish","type":"post","link":"https:\/\/theoriginsearthblog.com\/fr\/ta-valise-eco-responsable\/","title":{"rendered":"Ta valise \u00e9co-responsable"},"content":{"rendered":"<h1 style=\"text-align: center;\"><span style=\"font-size: 18pt;\"><strong><u>Ta valise \u00e9co-responsable<\/u><\/strong><\/span><\/h1>\n<p>Voyager de mani\u00e8re \u00e9co-responsable commence par notre valise ou notre sac \u00e0 dos que l\u2019on doit pr\u00e9parer. Ce n\u2019est jamais facile de pr\u00e9parer nos affaires car on a tendance \u00e0 vouloir tout prendre avec nous mais dans la majorit\u00e9 des cas on utilise tr\u00e8s peu d\u2019affaires une fois sur place.<\/p>\n<p>En pr\u00e9parant ta valise \u00e9co-responsable, l\u2019id\u00e9e est de partir l\u00e9ger en ne prenant que l\u2019essentiel dans ta valise. Tu aimerais savoir comment pr\u00e9parer ta valise \u00e9co-responsable\u00a0et quoi y mettre ? Nous t\u2019expliquons tout.<\/p>\n<p>Pour commencer, il faut que tu choisisses entre une valise ou un sac \u00e0 dos suivant le type de voyage que tu veux faire.<\/p>\n<h3><strong>La valise ou le sac \u00e0 dos\u00a0<\/strong><\/h3>\n<figure id=\"attachment_25814\" aria-describedby=\"caption-attachment-25814\" style=\"width: 300px\" class=\"wp-caption alignleft\"><img decoding=\"async\" class=\"wp-image-25814 size-medium\" src=\"https:\/\/theoriginsearthblog.com\/wp-content\/uploads\/2024\/09\/Valise-eco-300x150.jpg\" alt=\"\" width=\"300\" height=\"150\" srcset=\"https:\/\/theoriginsearthblog.com\/wp-content\/uploads\/2024\/09\/Valise-eco-300x150.jpg 300w, https:\/\/theoriginsearthblog.com\/wp-content\/uploads\/2024\/09\/Valise-eco-1024x512.jpg 1024w, https:\/\/theoriginsearthblog.com\/wp-content\/uploads\/2024\/09\/Valise-eco-768x384.jpg 768w, https:\/\/theoriginsearthblog.com\/wp-content\/uploads\/2024\/09\/Valise-eco-1536x768.jpg 1536w, https:\/\/theoriginsearthblog.com\/wp-content\/uploads\/2024\/09\/Valise-eco-2048x1024.jpg 2048w\" sizes=\"(max-width: 300px) 100vw, 300px\" \/><figcaption id=\"caption-attachment-25814\" class=\"wp-caption-text\">\u00a9 photo prise de Canva.com<\/figcaption><\/figure>\n<p>Choisir la valise ou le sac \u00e0 dos va d\u00e9pendre du type de voyage que l\u2019on va faire. Un sac \u00e0 dos est plut\u00f4t utilis\u00e9 pour des voyages style routard, ils sont tr\u00e8s souvent utilis\u00e9s pour des s\u00e9jours de plusieurs mois ou pour un tour du monde. Ils sont tout \u00e0 fait utilisables pour de courts et moyens s\u00e9jours m\u00eame si ce sont plut\u00f4t les valises qui remportent la palme pour des vacances de 15 jours.<\/p>\n<p>Si tu optes pour une valise \u00e9co-responsable, choisis une valise en coque dure car elles sont plus rigides et elles tiennent plus longtemps sur le long terme que celles en tissus.<\/p>\n<p>&nbsp;<\/p>\n<figure id=\"attachment_25824\" aria-describedby=\"caption-attachment-25824\" style=\"width: 300px\" class=\"wp-caption alignleft\"><img decoding=\"async\" class=\"wp-image-25824 size-medium\" src=\"https:\/\/theoriginsearthblog.com\/wp-content\/uploads\/2024\/09\/Sac-a-dos-300x150.jpg\" alt=\"\" width=\"300\" height=\"150\" srcset=\"https:\/\/theoriginsearthblog.com\/wp-content\/uploads\/2024\/09\/Sac-a-dos-300x150.jpg 300w, https:\/\/theoriginsearthblog.com\/wp-content\/uploads\/2024\/09\/Sac-a-dos-1024x512.jpg 1024w, https:\/\/theoriginsearthblog.com\/wp-content\/uploads\/2024\/09\/Sac-a-dos-768x384.jpg 768w, https:\/\/theoriginsearthblog.com\/wp-content\/uploads\/2024\/09\/Sac-a-dos-1536x768.jpg 1536w, https:\/\/theoriginsearthblog.com\/wp-content\/uploads\/2024\/09\/Sac-a-dos-2048x1024.jpg 2048w\" sizes=\"(max-width: 300px) 100vw, 300px\" \/><figcaption id=\"caption-attachment-25824\" class=\"wp-caption-text\">\u00a9 photo prise de Canva.com<\/figcaption><\/figure>\n<p>Si tu choisis un sac \u00e0 dos, choisis un sac \u00e0 dos qui a au moins 50 litres ou 60 litres car cela va te permettre de mettre beaucoup d\u2019affaires \u00e0 l\u2019int\u00e9rieur. L\u2019avantage des sacs \u00e0 dos est qu\u2019ils ont beaucoup de poches. Cependant, l\u2019inconv\u00e9nient principal est que tes habits se retrouveront froiss\u00e9s donc si tu as des beaux habits, le sac \u00e0 dos n\u2019est pas l\u2019id\u00e9al.<\/p>\n<p>&nbsp;<\/p>\n<p>&nbsp;<\/p>\n<h3><strong>Tes savons solides<\/strong><\/h3>\n<figure id=\"attachment_25828\" aria-describedby=\"caption-attachment-25828\" style=\"width: 300px\" class=\"wp-caption alignleft\"><img decoding=\"async\" class=\"wp-image-25828 size-medium\" src=\"https:\/\/theoriginsearthblog.com\/wp-content\/uploads\/2024\/09\/Savons-solides-300x150.jpg\" alt=\"\" width=\"300\" height=\"150\" srcset=\"https:\/\/theoriginsearthblog.com\/wp-content\/uploads\/2024\/09\/Savons-solides-300x150.jpg 300w, https:\/\/theoriginsearthblog.com\/wp-content\/uploads\/2024\/09\/Savons-solides-1024x512.jpg 1024w, https:\/\/theoriginsearthblog.com\/wp-content\/uploads\/2024\/09\/Savons-solides-768x384.jpg 768w, https:\/\/theoriginsearthblog.com\/wp-content\/uploads\/2024\/09\/Savons-solides-1536x768.jpg 1536w, https:\/\/theoriginsearthblog.com\/wp-content\/uploads\/2024\/09\/Savons-solides-2048x1024.jpg 2048w\" sizes=\"(max-width: 300px) 100vw, 300px\" \/><figcaption id=\"caption-attachment-25828\" class=\"wp-caption-text\">\u00a9 photo prise de Canva.com<\/figcaption><\/figure>\n<p>Les savons solides sont tr\u00e8s pratiques \u00e0 emporter car ils ne prennent pas de place. De plus, ils sont \u00e9conomiques et \u00e9cologiques car ils durent longtemps. Concernant, les savons solides, tu peux prendre un pour le corps et le deuxi\u00e8me pour les cheveux et les mettre tous les deux dans un filet de transport qui est g\u00e9n\u00e9ralement vendu avec ou s\u00e9par\u00e9ment.<\/p>\n<p>Sur le march\u00e9, tu trouveras diff\u00e9rents savons, comme les savons solides du Petit Olivier et les shampoings solides de Klorane pour donner des exemples.<\/p>\n<p>Ainsi, cela t\u2019\u00e9vite de transporter tes bouteilles de shampooings, de gel douche dans tes affaires de toilette qui prennent beaucoup de place et qui vont alourdir ta valise ou ton sac \u00e0 dos.<\/p>\n<h3><strong>Ton travel kit<\/strong><\/h3>\n<figure id=\"attachment_25822\" aria-describedby=\"caption-attachment-25822\" style=\"width: 300px\" class=\"wp-caption alignleft\"><img loading=\"lazy\" decoding=\"async\" class=\"wp-image-25822 size-medium\" src=\"https:\/\/theoriginsearthblog.com\/wp-content\/uploads\/2024\/09\/Kit-de-voyages-300x150.jpg\" alt=\"\" width=\"300\" height=\"150\" srcset=\"https:\/\/theoriginsearthblog.com\/wp-content\/uploads\/2024\/09\/Kit-de-voyages-300x150.jpg 300w, https:\/\/theoriginsearthblog.com\/wp-content\/uploads\/2024\/09\/Kit-de-voyages-1024x512.jpg 1024w, https:\/\/theoriginsearthblog.com\/wp-content\/uploads\/2024\/09\/Kit-de-voyages-768x384.jpg 768w, https:\/\/theoriginsearthblog.com\/wp-content\/uploads\/2024\/09\/Kit-de-voyages-1536x768.jpg 1536w, https:\/\/theoriginsearthblog.com\/wp-content\/uploads\/2024\/09\/Kit-de-voyages-2048x1024.jpg 2048w\" sizes=\"(max-width: 300px) 100vw, 300px\" \/><figcaption id=\"caption-attachment-25822\" class=\"wp-caption-text\">\u00a9 photo prise de Canva.com<\/figcaption><\/figure>\n<p>Si tu pr\u00e9f\u00e8res prendre ton shampoing liquide ou encore ton gel douche, pourquoi ne pas les mettre dans de petits r\u00e9cipients ? C\u2019est l\u2019id\u00e9e du travel kit qui permet de mettre la quantit\u00e9 qu\u2019il faut pour le voyage. Cela \u00e9tant, ce n\u2019est plus qu\u2019une question d\u2019utiliser tr\u00e8s peu de gel douche et de shampooing afin d\u2019en avoir le plus longtemps possible. Faisable ? Oui, c\u2019est tout \u00e0 fait faisable, il suffit de prendre une toute petite quantit\u00e9 de produit. Et puis, tu peux toujours prendre avec toi un savon solide pour alterner et surtout pour \u00eatre s\u00fbr-e d\u2019avoir assez pour se laver.<\/p>\n<p>Le travel kit est vraiment utile pour les personnes qui souhaitent continuer d\u2019utiliser leurs produits liquides. Il permet de prendre juste l\u2019essentiel en petite quantit\u00e9 afin de ne pas alourdir la valise.<\/p>\n<h3><strong>Tes produits \u00e9co<\/strong><\/h3>\n<figure id=\"attachment_25820\" aria-describedby=\"caption-attachment-25820\" style=\"width: 300px\" class=\"wp-caption alignleft\"><img loading=\"lazy\" decoding=\"async\" class=\"wp-image-25820 size-medium\" src=\"https:\/\/theoriginsearthblog.com\/wp-content\/uploads\/2024\/09\/Produits-eco-300x150.jpg\" alt=\"\" width=\"300\" height=\"150\" srcset=\"https:\/\/theoriginsearthblog.com\/wp-content\/uploads\/2024\/09\/Produits-eco-300x150.jpg 300w, https:\/\/theoriginsearthblog.com\/wp-content\/uploads\/2024\/09\/Produits-eco-1024x512.jpg 1024w, https:\/\/theoriginsearthblog.com\/wp-content\/uploads\/2024\/09\/Produits-eco-768x384.jpg 768w, https:\/\/theoriginsearthblog.com\/wp-content\/uploads\/2024\/09\/Produits-eco-1536x768.jpg 1536w, https:\/\/theoriginsearthblog.com\/wp-content\/uploads\/2024\/09\/Produits-eco-2048x1024.jpg 2048w\" sizes=\"(max-width: 300px) 100vw, 300px\" \/><figcaption id=\"caption-attachment-25820\" class=\"wp-caption-text\">\u00a9 photo prise de Canva.com<\/figcaption><\/figure>\n<p>Dans une valise \u00e9co, il y a forc\u00e9ment des produits \u00e9co qui sont utiles \u00e0 prendre. Mais lesquels sont-ils ?<\/p>\n<p>Parmi les produits \u00e9cologiques, on retrouve les affaires de toilettes mais aussi d\u2019autres affaires que l\u2019on peut prendre avec soi. On fait le point dans cette section.<\/p>\n<p>&nbsp;<\/p>\n<p>&nbsp;<\/p>\n<p>Concernant les affaires de toilettes, tu peux donc prendre avec toi\u00a0:<\/p>\n<ul>\n<li>des savons solides,<\/li>\n<li>une cr\u00e8me solaire \u00e0 filtre min\u00e9rale,<\/li>\n<li>du dentifrice \u00e0 croquer naturel,<\/li>\n<li>une cr\u00e8me hydratante naturelle qui ne contient pas de produits chimiques,<\/li>\n<li>un d\u00e9odorant naturel,<\/li>\n<li>un anti-moustique spray aux essences d\u2019huiles essentielles,<\/li>\n<li>pour les femmes\u00a0: une culotte ou une coupe menstruelle,<\/li>\n<li>pour les hommes\u00a0: un savon pour raser la barbe<\/li>\n<\/ul>\n<p>Pour les autres produits \u00e9cologiques que tu peux prendre avec toi, on retrouve\u00a0:<\/p>\n<ul>\n<li>une brosse de cheveux ou un peigne en bois,<\/li>\n<li>une brosse \u00e0 dent en bois<\/li>\n<li>des carr\u00e9s d\u00e9maquillants en tissus que tu pourras laver \u00e0 la main pour ne pas prendre des cotons d\u00e9maquillants.<\/li>\n<li>des feuilles de lessives<\/li>\n<\/ul>\n<h3><strong>Ton sac \u00e0 linge<\/strong><\/h3>\n<p>Durant tes vacances, tu voudras peut-\u00eatre faire laver tes affaires ou les laver toi-m\u00eame\u00a0?<\/p>\n<p>Alors, prends avec toi un sac en toile dans lequel tu pourras y mettre ton linge sale et le donner \u00e0 laver dans des laveries locales car elles sont beaucoup moins cher que les services de laverie dans les h\u00f4tels. De plus, en ayant un sac en toile, cela \u00e9vitera \u00e0 la laverie de mettre tes habits dans un sac en plastique.<\/p>\n<p>S\u2019il y a des affaires que tu pr\u00e9f\u00e8res laver \u00e0 la main, il existe des feuilles de lessive que tu pourras emporter avec toi.<\/p>\n<h3><strong>Tes habits et tes chaussures<\/strong><\/h3>\n<p>On a tendance \u00e0 toujours prendre beaucoup trop d\u2019habits dont la moiti\u00e9 ne sera pas port\u00e9e. \u00a0L\u2019id\u00e9e est de prendre juste l\u2019essentiel pour avoir une valise la plus l\u00e9g\u00e8re possible. Concernant les chaussures, prendre deux paires en plus devrait suffire, soit une paire de tongs et une paire de sandalettes pour les destinations chaudes. Pour les destinations froides, une paire de chaussure en plus devrait \u00eatre suffisant. Cependant, les chaussures d\u00e9pendent beaucoup du type de voyage que l\u2019on souhaite faire. Si l\u2019on pr\u00e9voit de faire de la randonn\u00e9e, il faudra forc\u00e9ment pr\u00e9voir une paire de chaussures pour ce type d\u2019activit\u00e9.<\/p>\n<h3><strong>Tes accessoires<\/strong><\/h3>\n<p>Au niveau des accessoires \u00e9co-responsables, voici quelques id\u00e9es\u00a0:<\/p>\n<ul>\n<li>une gourde en inox pour y mettre de l\u2019eau,<\/li>\n<li>un chargeur de batterie externe,<\/li>\n<li>un kit de services de voyage avec couteau, fourchette, cuill\u00e8re en inox ou en bambou, avec paille en bois ou en verre,<\/li>\n<li>des piles rechargeables pour tes appareils,<\/li>\n<li>un sac \u00e9tanche dans lequel tu peux y faire ta lessive (surtout si tu pars en randonn\u00e9es),\u2026<\/li>\n<li>des serviettes de bain en e (pour la plage, la piscine ou la douche)<\/li>\n<li>un sac en toile pour y mettre tes d\u00e9chets secs tels que des emballages en plastique ou en carton, des bouteilles vides si tu ne trouves pas de poubelles l\u00e0 o\u00f9 te trouve. Cela \u00e9viter d\u2019utiliser des sacs en plastique.<\/li>\n<\/ul>\n<p>Voyager de mani\u00e8re \u00e9co-responsable commence par la valise et les affaires que l\u2019on va y mettre \u00e0 l\u2019int\u00e9rieur. Il est \u00e9vident que si l\u2019on souhaite avoir une conscience \u00e9cologique, nos habitudes doivent aussi changer en termes de voyage et cela d\u00e9bute en prenant l\u2019essentiel concernant les habits, en utilisant des produits respectueux de l\u2019environnement, r\u00e9utilisables et qui sont le plus naturels possible.<\/p>\n<p>En agissant ainsi, on ne respecte pas que la nature mais on apprend surtout \u00e0 utiliser justement les ressources qu\u2019elle nous met \u00e0 disposition en utilisant des produits naturels qui ne soient pas polluants pour l\u2019environnement et donc pas polluant pour nous.<\/p>\n<p><img loading=\"lazy\" decoding=\"async\" class=\"size-medium wp-image-20930\" src=\"https:\/\/theoriginsearthblog.com\/wp-content\/uploads\/2022\/11\/Geraldine-300x103.png\" alt=\"G\u00e9raldine\" width=\"300\" height=\"103\" srcset=\"https:\/\/theoriginsearthblog.com\/wp-content\/uploads\/2022\/11\/Geraldine-300x103.png 300w, https:\/\/theoriginsearthblog.com\/wp-content\/uploads\/2022\/11\/Geraldine.png 392w\" sizes=\"(max-width: 300px) 100vw, 300px\" \/><\/p>\n","protected":false},"excerpt":{"rendered":"<p><span class=\"span-reading-time rt-reading-time\" style=\"display: block;\"><span class=\"rt-label rt-prefix\">Reading Time: <\/span> <span class=\"rt-time\"> 4<\/span> <span class=\"rt-label rt-postfix\">minutes<\/span><\/span>Ta valise \u00e9co-responsable Voyager de mani\u00e8re \u00e9co-responsable commence par notre valise ou notre sac \u00e0 dos que l\u2019on doit pr\u00e9parer. Ce n\u2019est jamais facile de pr\u00e9parer nos affaires car on a tendance \u00e0 vouloir tout prendre avec nous mais dans la majorit\u00e9 des cas on utilise tr\u00e8s peu d\u2019affaires une fois sur place. En pr\u00e9parant [&hellip;]<\/p>\n","protected":false},"author":5,"featured_media":25812,"comment_status":"open","ping_status":"closed","sticky":false,"template":"","format":"standard","meta":{"_jetpack_memberships_contains_paid_content":false,"footnotes":"","jetpack_publicize_message":"","jetpack_publicize_feature_enabled":true,"jetpack_social_post_already_shared":true,"jetpack_social_options":{"image_generator_settings":{"template":"highway","default_image_id":0,"font":"","enabled":false},"version":2}},"categories":[23,1768,1275],"tags":[1761,1762,1764,1756,1754,1757,1766,1755,1124,1144,1311,1765,1759,1750,1763,1760,1749,218,1758,1751,1753,1105,1145,1107,571,1752,1747,1746,1404,1748],"class_list":["post-25831","post","type-post","status-publish","format-standard","has-post-thumbnail","hentry","category-ecotourisme","category-produits-eco","category-vie-eco","tag-anti-moustique-naturel","tag-brosse-a-cheveux-en-bois","tag-brosse-a-dent-en-bois","tag-coupe-menstruelle","tag-creme-solaire-minerale","tag-culotte-menstruelle","tag-dentifrice-a-croquer","tag-deodorant-naturel","tag-eco-blog","tag-eco-blog-fr","tag-ecotourisme","tag-feuilles-de-lessive","tag-gourde-inox","tag-kit-de-voyages","tag-peigne-en-bois","tag-pile-rechargeable","tag-produits-eco-responsable","tag-sac-a-dos","tag-sac-a-linges","tag-savons-solides","tag-shampoing-solide","tag-the-origins-earth","tag-the-origins-earth-blog-fr","tag-tourisme-responsable","tag-travel-blog-fr","tag-valise","tag-valise-eco","tag-valise-eco-responsable","tag-voyager-eco-responsable","tag-voyageur-eco-responsable"],"yoast_head":"<!-- This site is optimized with the Yoast SEO plugin v27.4 - https:\/\/yoast.com\/product\/yoast-seo-wordpress\/ -->\n<title>Ta valise \u00e9co-responsable - The Origins Earth - Media<\/title>\n<meta name=\"description\" content=\"The Origins Earth - Media - Nous t&#039;aidons \u00e0 pr\u00e9parer ta valise \u00e9co. N&#039;oublies rien de ce dont tu aurais besoin dedans.\" \/>\n<meta name=\"robots\" content=\"index, follow, max-snippet:-1, max-image-preview:large, max-video-preview:-1\" \/>\n<link rel=\"canonical\" href=\"https:\/\/theoriginsearthblog.com\/fr\/ta-valise-eco-responsable\/\" \/>\n<meta property=\"og:locale\" content=\"fr_FR\" \/>\n<meta property=\"og:type\" content=\"article\" \/>\n<meta property=\"og:title\" content=\"Ta valise \u00e9co-responsable - The Origins Earth - Media\" \/>\n<meta property=\"og:description\" content=\"The Origins Earth - Media - Nous t&#039;aidons \u00e0 pr\u00e9parer ta valise \u00e9co. N&#039;oublies rien de ce dont tu aurais besoin dedans.\" \/>\n<meta property=\"og:url\" content=\"https:\/\/theoriginsearthblog.com\/fr\/ta-valise-eco-responsable\/\" \/>\n<meta property=\"og:site_name\" content=\"The Origins Earth - Media\" \/>\n<meta property=\"article:publisher\" content=\"https:\/\/www.facebook.com\/theoriginsearth\" \/>\n<meta property=\"article:author\" content=\"www.facebook.com\/theoriginsearth\" \/>\n<meta property=\"article:published_time\" content=\"2024-09-04T09:41:39+00:00\" \/>\n<meta property=\"article:modified_time\" content=\"2025-01-31T15:21:18+00:00\" \/>\n<meta property=\"og:image\" content=\"https:\/\/theoriginsearthblog.com\/wp-content\/uploads\/2024\/09\/Suitcase-scaled.jpg\" \/>\n\t<meta property=\"og:image:width\" content=\"2560\" \/>\n\t<meta property=\"og:image:height\" content=\"1280\" \/>\n\t<meta property=\"og:image:type\" content=\"image\/jpeg\" \/>\n<meta name=\"author\" content=\"G\u00e9raldine\" \/>\n<meta name=\"twitter:card\" content=\"summary_large_image\" \/>\n<meta name=\"twitter:label1\" content=\"\u00c9crit par\" \/>\n\t<meta name=\"twitter:data1\" content=\"G\u00e9raldine\" \/>\n\t<meta name=\"twitter:label2\" content=\"Dur\u00e9e de lecture estim\u00e9e\" \/>\n\t<meta name=\"twitter:data2\" content=\"6 minutes\" \/>\n<script type=\"application\/ld+json\" class=\"yoast-schema-graph\">{\"@context\":\"https:\\\/\\\/schema.org\",\"@graph\":[{\"@type\":\"Article\",\"@id\":\"https:\\\/\\\/theoriginsearthblog.com\\\/fr\\\/ta-valise-eco-responsable\\\/#article\",\"isPartOf\":{\"@id\":\"https:\\\/\\\/theoriginsearthblog.com\\\/fr\\\/ta-valise-eco-responsable\\\/\"},\"author\":{\"name\":\"G\u00e9raldine\",\"@id\":\"https:\\\/\\\/theoriginsearthblog.com\\\/#\\\/schema\\\/person\\\/1766403f015c49b458d4396f44f9118f\"},\"headline\":\"Ta valise \u00e9co-responsable\",\"datePublished\":\"2024-09-04T09:41:39+00:00\",\"dateModified\":\"2025-01-31T15:21:18+00:00\",\"mainEntityOfPage\":{\"@id\":\"https:\\\/\\\/theoriginsearthblog.com\\\/fr\\\/ta-valise-eco-responsable\\\/\"},\"wordCount\":1292,\"commentCount\":0,\"publisher\":{\"@id\":\"https:\\\/\\\/theoriginsearthblog.com\\\/#organization\"},\"image\":{\"@id\":\"https:\\\/\\\/theoriginsearthblog.com\\\/fr\\\/ta-valise-eco-responsable\\\/#primaryimage\"},\"thumbnailUrl\":\"https:\\\/\\\/theoriginsearthblog.com\\\/wp-content\\\/uploads\\\/2024\\\/09\\\/Suitcase-scaled.jpg\",\"keywords\":[\"anti-moustique naturel\",\"brosse \u00e0 cheveux en bois\",\"brosse \u00e0 dent en bois\",\"coupe menstruelle\",\"cr\u00e8me solaire min\u00e9rale\",\"culotte menstruelle\",\"dentifrice \u00e0 croquer\",\"d\u00e9odorant naturel\",\"eco blog\",\"eco blog\",\"ecotourisme\",\"feuilles de lessive\",\"gourde inox\",\"kit de voyages\",\"peigne en bois\",\"pile rechargeable\",\"produits \u00e9co-responsable\",\"sac \u00e0 dos\",\"sac \u00e0 linges\",\"savons solides\",\"shampoing solide\",\"the origins earth\",\"the origins earth blog\",\"tourisme responsable\",\"travel blog\",\"valise\",\"valise \u00e9co\",\"valise \u00e9co responsable\",\"voyager \u00e9co-responsable\",\"voyageur \u00e9co-responsable\"],\"articleSection\":[\"Ecotourisme\",\"Produits eco\",\"Vie \u00e9co\"],\"inLanguage\":\"fr-FR\",\"potentialAction\":[{\"@type\":\"CommentAction\",\"name\":\"Comment\",\"target\":[\"https:\\\/\\\/theoriginsearthblog.com\\\/fr\\\/ta-valise-eco-responsable\\\/#respond\"]}]},{\"@type\":\"WebPage\",\"@id\":\"https:\\\/\\\/theoriginsearthblog.com\\\/fr\\\/ta-valise-eco-responsable\\\/\",\"url\":\"https:\\\/\\\/theoriginsearthblog.com\\\/fr\\\/ta-valise-eco-responsable\\\/\",\"name\":\"Ta valise \u00e9co-responsable - The Origins Earth - Media\",\"isPartOf\":{\"@id\":\"https:\\\/\\\/theoriginsearthblog.com\\\/#website\"},\"primaryImageOfPage\":{\"@id\":\"https:\\\/\\\/theoriginsearthblog.com\\\/fr\\\/ta-valise-eco-responsable\\\/#primaryimage\"},\"image\":{\"@id\":\"https:\\\/\\\/theoriginsearthblog.com\\\/fr\\\/ta-valise-eco-responsable\\\/#primaryimage\"},\"thumbnailUrl\":\"https:\\\/\\\/theoriginsearthblog.com\\\/wp-content\\\/uploads\\\/2024\\\/09\\\/Suitcase-scaled.jpg\",\"datePublished\":\"2024-09-04T09:41:39+00:00\",\"dateModified\":\"2025-01-31T15:21:18+00:00\",\"description\":\"The Origins Earth - Media - Nous t'aidons \u00e0 pr\u00e9parer ta valise \u00e9co. N'oublies rien de ce dont tu aurais besoin dedans.\",\"breadcrumb\":{\"@id\":\"https:\\\/\\\/theoriginsearthblog.com\\\/fr\\\/ta-valise-eco-responsable\\\/#breadcrumb\"},\"inLanguage\":\"fr-FR\",\"potentialAction\":[{\"@type\":\"ReadAction\",\"target\":[\"https:\\\/\\\/theoriginsearthblog.com\\\/fr\\\/ta-valise-eco-responsable\\\/\"]}]},{\"@type\":\"ImageObject\",\"inLanguage\":\"fr-FR\",\"@id\":\"https:\\\/\\\/theoriginsearthblog.com\\\/fr\\\/ta-valise-eco-responsable\\\/#primaryimage\",\"url\":\"https:\\\/\\\/theoriginsearthblog.com\\\/wp-content\\\/uploads\\\/2024\\\/09\\\/Suitcase-scaled.jpg\",\"contentUrl\":\"https:\\\/\\\/theoriginsearthblog.com\\\/wp-content\\\/uploads\\\/2024\\\/09\\\/Suitcase-scaled.jpg\",\"width\":2560,\"height\":1280,\"caption\":\"\u00a9Canva.com\"},{\"@type\":\"BreadcrumbList\",\"@id\":\"https:\\\/\\\/theoriginsearthblog.com\\\/fr\\\/ta-valise-eco-responsable\\\/#breadcrumb\",\"itemListElement\":[{\"@type\":\"ListItem\",\"position\":1,\"name\":\"Accueil\",\"item\":\"https:\\\/\\\/theoriginsearthblog.com\\\/fr\\\/\"},{\"@type\":\"ListItem\",\"position\":2,\"name\":\"Ta valise \u00e9co-responsable\"}]},{\"@type\":\"WebSite\",\"@id\":\"https:\\\/\\\/theoriginsearthblog.com\\\/#website\",\"url\":\"https:\\\/\\\/theoriginsearthblog.com\\\/\",\"name\":\"The Origins Earth - Media\",\"description\":\"Environment, Ecotourism and Ecology\",\"publisher\":{\"@id\":\"https:\\\/\\\/theoriginsearthblog.com\\\/#organization\"},\"potentialAction\":[{\"@type\":\"SearchAction\",\"target\":{\"@type\":\"EntryPoint\",\"urlTemplate\":\"https:\\\/\\\/theoriginsearthblog.com\\\/?s={search_term_string}\"},\"query-input\":{\"@type\":\"PropertyValueSpecification\",\"valueRequired\":true,\"valueName\":\"search_term_string\"}}],\"inLanguage\":\"fr-FR\"},{\"@type\":\"Organization\",\"@id\":\"https:\\\/\\\/theoriginsearthblog.com\\\/#organization\",\"name\":\"theoriginsearthblog\",\"url\":\"https:\\\/\\\/theoriginsearthblog.com\\\/\",\"logo\":{\"@type\":\"ImageObject\",\"inLanguage\":\"fr-FR\",\"@id\":\"https:\\\/\\\/theoriginsearthblog.com\\\/#\\\/schema\\\/logo\\\/image\\\/\",\"url\":\"https:\\\/\\\/theoriginsearthblog.com\\\/wp-content\\\/uploads\\\/2021\\\/03\\\/The-Origins-Earth-logo-site-internet-avec-terre.png\",\"contentUrl\":\"https:\\\/\\\/theoriginsearthblog.com\\\/wp-content\\\/uploads\\\/2021\\\/03\\\/The-Origins-Earth-logo-site-internet-avec-terre.png\",\"width\":1725,\"height\":560,\"caption\":\"theoriginsearthblog\"},\"image\":{\"@id\":\"https:\\\/\\\/theoriginsearthblog.com\\\/#\\\/schema\\\/logo\\\/image\\\/\"},\"sameAs\":[\"https:\\\/\\\/www.facebook.com\\\/theoriginsearth\",\"https:\\\/\\\/www.instagram.com\\\/travelsofgeraldine\"]},{\"@type\":\"Person\",\"@id\":\"https:\\\/\\\/theoriginsearthblog.com\\\/#\\\/schema\\\/person\\\/1766403f015c49b458d4396f44f9118f\",\"name\":\"G\u00e9raldine\",\"image\":{\"@type\":\"ImageObject\",\"inLanguage\":\"fr-FR\",\"@id\":\"https:\\\/\\\/secure.gravatar.com\\\/avatar\\\/d67bb3f0c1321f875ed13e60766f70b751df075d120c099d9a63083b07486128?s=96&d=blank&r=g\",\"url\":\"https:\\\/\\\/secure.gravatar.com\\\/avatar\\\/d67bb3f0c1321f875ed13e60766f70b751df075d120c099d9a63083b07486128?s=96&d=blank&r=g\",\"contentUrl\":\"https:\\\/\\\/secure.gravatar.com\\\/avatar\\\/d67bb3f0c1321f875ed13e60766f70b751df075d120c099d9a63083b07486128?s=96&d=blank&r=g\",\"caption\":\"G\u00e9raldine\"},\"description\":\"CEO of The Origins Earth, an ecological media I travel the world and with my photographs I show the beauty of the world in order to raise awareness to people about Planet Earth's issues, and wildlife.\",\"sameAs\":[\"http:\\\/\\\/www.theoriginsearthblog.com\",\"www.facebook.com\\\/theoriginsearth\",\"www.instagram.com\\\/theoriginsearth\"]}]}<\/script>\n<!-- \/ Yoast SEO plugin. -->","yoast_head_json":{"title":"Ta valise \u00e9co-responsable - The Origins Earth - Media","description":"The Origins Earth - Media - Nous t'aidons \u00e0 pr\u00e9parer ta valise \u00e9co. N'oublies rien de ce dont tu aurais besoin dedans.","robots":{"index":"index","follow":"follow","max-snippet":"max-snippet:-1","max-image-preview":"max-image-preview:large","max-video-preview":"max-video-preview:-1"},"canonical":"https:\/\/theoriginsearthblog.com\/fr\/ta-valise-eco-responsable\/","og_locale":"fr_FR","og_type":"article","og_title":"Ta valise \u00e9co-responsable - The Origins Earth - Media","og_description":"The Origins Earth - Media - Nous t'aidons \u00e0 pr\u00e9parer ta valise \u00e9co. N'oublies rien de ce dont tu aurais besoin dedans.","og_url":"https:\/\/theoriginsearthblog.com\/fr\/ta-valise-eco-responsable\/","og_site_name":"The Origins Earth - Media","article_publisher":"https:\/\/www.facebook.com\/theoriginsearth","article_author":"www.facebook.com\/theoriginsearth","article_published_time":"2024-09-04T09:41:39+00:00","article_modified_time":"2025-01-31T15:21:18+00:00","og_image":[{"width":2560,"height":1280,"url":"https:\/\/theoriginsearthblog.com\/wp-content\/uploads\/2024\/09\/Suitcase-scaled.jpg","type":"image\/jpeg"}],"author":"G\u00e9raldine","twitter_card":"summary_large_image","twitter_misc":{"\u00c9crit par":"G\u00e9raldine","Dur\u00e9e de lecture estim\u00e9e":"6 minutes"},"schema":{"@context":"https:\/\/schema.org","@graph":[{"@type":"Article","@id":"https:\/\/theoriginsearthblog.com\/fr\/ta-valise-eco-responsable\/#article","isPartOf":{"@id":"https:\/\/theoriginsearthblog.com\/fr\/ta-valise-eco-responsable\/"},"author":{"name":"G\u00e9raldine","@id":"https:\/\/theoriginsearthblog.com\/#\/schema\/person\/1766403f015c49b458d4396f44f9118f"},"headline":"Ta valise \u00e9co-responsable","datePublished":"2024-09-04T09:41:39+00:00","dateModified":"2025-01-31T15:21:18+00:00","mainEntityOfPage":{"@id":"https:\/\/theoriginsearthblog.com\/fr\/ta-valise-eco-responsable\/"},"wordCount":1292,"commentCount":0,"publisher":{"@id":"https:\/\/theoriginsearthblog.com\/#organization"},"image":{"@id":"https:\/\/theoriginsearthblog.com\/fr\/ta-valise-eco-responsable\/#primaryimage"},"thumbnailUrl":"https:\/\/theoriginsearthblog.com\/wp-content\/uploads\/2024\/09\/Suitcase-scaled.jpg","keywords":["anti-moustique naturel","brosse \u00e0 cheveux en bois","brosse \u00e0 dent en bois","coupe menstruelle","cr\u00e8me solaire min\u00e9rale","culotte menstruelle","dentifrice \u00e0 croquer","d\u00e9odorant naturel","eco blog","eco blog","ecotourisme","feuilles de lessive","gourde inox","kit de voyages","peigne en bois","pile rechargeable","produits \u00e9co-responsable","sac \u00e0 dos","sac \u00e0 linges","savons solides","shampoing solide","the origins earth","the origins earth blog","tourisme responsable","travel blog","valise","valise \u00e9co","valise \u00e9co responsable","voyager \u00e9co-responsable","voyageur \u00e9co-responsable"],"articleSection":["Ecotourisme","Produits eco","Vie \u00e9co"],"inLanguage":"fr-FR","potentialAction":[{"@type":"CommentAction","name":"Comment","target":["https:\/\/theoriginsearthblog.com\/fr\/ta-valise-eco-responsable\/#respond"]}]},{"@type":"WebPage","@id":"https:\/\/theoriginsearthblog.com\/fr\/ta-valise-eco-responsable\/","url":"https:\/\/theoriginsearthblog.com\/fr\/ta-valise-eco-responsable\/","name":"Ta valise \u00e9co-responsable - The Origins Earth - Media","isPartOf":{"@id":"https:\/\/theoriginsearthblog.com\/#website"},"primaryImageOfPage":{"@id":"https:\/\/theoriginsearthblog.com\/fr\/ta-valise-eco-responsable\/#primaryimage"},"image":{"@id":"https:\/\/theoriginsearthblog.com\/fr\/ta-valise-eco-responsable\/#primaryimage"},"thumbnailUrl":"https:\/\/theoriginsearthblog.com\/wp-content\/uploads\/2024\/09\/Suitcase-scaled.jpg","datePublished":"2024-09-04T09:41:39+00:00","dateModified":"2025-01-31T15:21:18+00:00","description":"The Origins Earth - Media - Nous t'aidons \u00e0 pr\u00e9parer ta valise \u00e9co. N'oublies rien de ce dont tu aurais besoin dedans.","breadcrumb":{"@id":"https:\/\/theoriginsearthblog.com\/fr\/ta-valise-eco-responsable\/#breadcrumb"},"inLanguage":"fr-FR","potentialAction":[{"@type":"ReadAction","target":["https:\/\/theoriginsearthblog.com\/fr\/ta-valise-eco-responsable\/"]}]},{"@type":"ImageObject","inLanguage":"fr-FR","@id":"https:\/\/theoriginsearthblog.com\/fr\/ta-valise-eco-responsable\/#primaryimage","url":"https:\/\/theoriginsearthblog.com\/wp-content\/uploads\/2024\/09\/Suitcase-scaled.jpg","contentUrl":"https:\/\/theoriginsearthblog.com\/wp-content\/uploads\/2024\/09\/Suitcase-scaled.jpg","width":2560,"height":1280,"caption":"\u00a9Canva.com"},{"@type":"BreadcrumbList","@id":"https:\/\/theoriginsearthblog.com\/fr\/ta-valise-eco-responsable\/#breadcrumb","itemListElement":[{"@type":"ListItem","position":1,"name":"Accueil","item":"https:\/\/theoriginsearthblog.com\/fr\/"},{"@type":"ListItem","position":2,"name":"Ta valise \u00e9co-responsable"}]},{"@type":"WebSite","@id":"https:\/\/theoriginsearthblog.com\/#website","url":"https:\/\/theoriginsearthblog.com\/","name":"The Origins Earth - Media","description":"Environment, Ecotourism and Ecology","publisher":{"@id":"https:\/\/theoriginsearthblog.com\/#organization"},"potentialAction":[{"@type":"SearchAction","target":{"@type":"EntryPoint","urlTemplate":"https:\/\/theoriginsearthblog.com\/?s={search_term_string}"},"query-input":{"@type":"PropertyValueSpecification","valueRequired":true,"valueName":"search_term_string"}}],"inLanguage":"fr-FR"},{"@type":"Organization","@id":"https:\/\/theoriginsearthblog.com\/#organization","name":"theoriginsearthblog","url":"https:\/\/theoriginsearthblog.com\/","logo":{"@type":"ImageObject","inLanguage":"fr-FR","@id":"https:\/\/theoriginsearthblog.com\/#\/schema\/logo\/image\/","url":"https:\/\/theoriginsearthblog.com\/wp-content\/uploads\/2021\/03\/The-Origins-Earth-logo-site-internet-avec-terre.png","contentUrl":"https:\/\/theoriginsearthblog.com\/wp-content\/uploads\/2021\/03\/The-Origins-Earth-logo-site-internet-avec-terre.png","width":1725,"height":560,"caption":"theoriginsearthblog"},"image":{"@id":"https:\/\/theoriginsearthblog.com\/#\/schema\/logo\/image\/"},"sameAs":["https:\/\/www.facebook.com\/theoriginsearth","https:\/\/www.instagram.com\/travelsofgeraldine"]},{"@type":"Person","@id":"https:\/\/theoriginsearthblog.com\/#\/schema\/person\/1766403f015c49b458d4396f44f9118f","name":"G\u00e9raldine","image":{"@type":"ImageObject","inLanguage":"fr-FR","@id":"https:\/\/secure.gravatar.com\/avatar\/d67bb3f0c1321f875ed13e60766f70b751df075d120c099d9a63083b07486128?s=96&d=blank&r=g","url":"https:\/\/secure.gravatar.com\/avatar\/d67bb3f0c1321f875ed13e60766f70b751df075d120c099d9a63083b07486128?s=96&d=blank&r=g","contentUrl":"https:\/\/secure.gravatar.com\/avatar\/d67bb3f0c1321f875ed13e60766f70b751df075d120c099d9a63083b07486128?s=96&d=blank&r=g","caption":"G\u00e9raldine"},"description":"CEO of The Origins Earth, an ecological media I travel the world and with my photographs I show the beauty of the world in order to raise awareness to people about Planet Earth's issues, and wildlife.","sameAs":["http:\/\/www.theoriginsearthblog.com","www.facebook.com\/theoriginsearth","www.instagram.com\/theoriginsearth"]}]}},"jetpack_publicize_connections":[],"jetpack_featured_media_url":"https:\/\/theoriginsearthblog.com\/wp-content\/uploads\/2024\/09\/Suitcase-scaled.jpg","jetpack_sharing_enabled":true,"jetpack_shortlink":"https:\/\/wp.me\/p9GQTi-6ID","jetpack_likes_enabled":true,"_links":{"self":[{"href":"https:\/\/theoriginsearthblog.com\/fr\/wp-json\/wp\/v2\/posts\/25831","targetHints":{"allow":["GET"]}}],"collection":[{"href":"https:\/\/theoriginsearthblog.com\/fr\/wp-json\/wp\/v2\/posts"}],"about":[{"href":"https:\/\/theoriginsearthblog.com\/fr\/wp-json\/wp\/v2\/types\/post"}],"author":[{"embeddable":true,"href":"https:\/\/theoriginsearthblog.com\/fr\/wp-json\/wp\/v2\/users\/5"}],"replies":[{"embeddable":true,"href":"https:\/\/theoriginsearthblog.com\/fr\/wp-json\/wp\/v2\/comments?post=25831"}],"version-history":[{"count":4,"href":"https:\/\/theoriginsearthblog.com\/fr\/wp-json\/wp\/v2\/posts\/25831\/revisions"}],"predecessor-version":[{"id":25878,"href":"https:\/\/theoriginsearthblog.com\/fr\/wp-json\/wp\/v2\/posts\/25831\/revisions\/25878"}],"wp:featuredmedia":[{"embeddable":true,"href":"https:\/\/theoriginsearthblog.com\/fr\/wp-json\/wp\/v2\/media\/25812"}],"wp:attachment":[{"href":"https:\/\/theoriginsearthblog.com\/fr\/wp-json\/wp\/v2\/media?parent=25831"}],"wp:term":[{"taxonomy":"category","embeddable":true,"href":"https:\/\/theoriginsearthblog.com\/fr\/wp-json\/wp\/v2\/categories?post=25831"},{"taxonomy":"post_tag","embeddable":true,"href":"https:\/\/theoriginsearthblog.com\/fr\/wp-json\/wp\/v2\/tags?post=25831"}],"curies":[{"name":"wp","href":"https:\/\/api.w.org\/{rel}","templated":true}]}}